{"id":1660,"date":"2022-11-28T07:53:03","date_gmt":"2022-11-28T07:53:03","guid":{"rendered":"https:\/\/mandulapontok.hu\/cms_mandulapontok\/?p=1660"},"modified":"2022-12-08T12:08:00","modified_gmt":"2022-12-08T12:08:00","slug":"december-1-en-nyilik-az-uj-mandula-pont-cukraszda-miskolcon","status":"publish","type":"post","link":"https:\/\/mandulapontok.hu\/cms_mandulapontok\/?p=1660","title":{"rendered":"December 1-\u00e9n ny\u00edlik az \u00faj Mandula Pont cukr\u00e1szda Miskolcon"},"content":{"rendered":"\t\t<div data-elementor-type=\"wp-post\" data-elementor-id=\"1660\" class=\"elementor elementor-1660\" data-elementor-settings=\"[]\">\n\t\t\t<div class=\"elementor-inner\">\n\t\t\t\t<div class=\"elementor-section-wrap\">\n\t\t\t\t\t\t\t<section class=\"elementor-element elementor-element-1f911f4 elementor-section-boxed elementor-section-height-default elementor-section-height-default elementor-section elementor-top-section\" data-id=\"1f911f4\" data-element_type=\"section\">\n\t\t\t\t\t\t<div class=\"elementor-container elementor-column-gap-default\">\n\t\t\t\t<div class=\"elementor-row\">\n\t\t\t\t<div class=\"elementor-element elementor-element-517fae6 elementor-column elementor-col-66 elementor-top-column\" data-id=\"517fae6\" data-element_type=\"column\">\n\t\t\t<div class=\"elementor-column-wrap  elementor-element-populated\">\n\t\t\t\t\t<div class=\"elementor-widget-wrap\">\n\t\t\t\t<div class=\"elementor-element elementor-element-758b01a elementor-widget elementor-widget-text-editor\" data-id=\"758b01a\" data-element_type=\"widget\" data-widget_type=\"text-editor.default\">\n\t\t\t\t<div class=\"elementor-widget-container\">\n\t\t\t\t\t<div class=\"elementor-text-editor elementor-clearfix\"><p style=\"text-align: left;\">Eml\u00e9kszem mennyire izgultunk \u00faj, miskolci cukr\u00e1szd\u00e1nk nyit\u00e1sakor. Vajon hogyan fogadtok majd benn\u00fcnket? Ugyan\u00fagy fogj\u00e1tok szeretni a Mandula s\u00fctit, ahogy Debrecenben? <br \/>Hamar kider\u00fclt, hogy f\u00e9lelm\u00fcnk alaptalan volt. Meghat\u00f3 az a bizalom \u00e9s szeretet, amivel ti miskolciak fogadtatok benn\u00fcnket \u00e9s s\u00fctem\u00e9nyeinket. <br \/>Eltelt k\u00e9t \u00e9v, m\u00e1ra kin\u0151tt\u00fck Szentp\u00e9teri kapu alatti kis \u00fczlet\u00fcnket, \u00edgy a napokban m\u00e1r az \u00faj Mandula Pont megnyit\u00f3j\u00e1ra k\u00e9sz\u00fcl\u00fcnk\u00a0 a Nagyv\u00e1thy utca 2 sz\u00e1m alatt, az Aldi \u00fczletsor\u00e1n.\u00a0<\/p><\/div>\n\t\t\t\t<\/div>\n\t\t\t\t<\/div>\n\t\t\t\t\t\t<\/div>\n\t\t\t<\/div>\n\t\t<\/div>\n\t\t\t\t<div class=\"elementor-element elementor-element-f46f337 elementor-column elementor-col-33 elementor-top-column\" data-id=\"f46f337\" data-element_type=\"column\">\n\t\t\t<div class=\"elementor-column-wrap\">\n\t\t\t\t\t<div class=\"elementor-widget-wrap\">\n\t\t\t\t\t\t<\/div>\n\t\t\t<\/div>\n\t\t<\/div>\n\t\t\t\t\t\t<\/div>\n\t\t\t<\/div>\n\t\t<\/section>\n\t\t\t\t<section class=\"elementor-element elementor-element-70a6f7e elementor-section-boxed elementor-section-height-default elementor-section-height-default elementor-section elementor-top-section\" data-id=\"70a6f7e\" data-element_type=\"section\">\n\t\t\t\t\t\t<div class=\"elementor-container elementor-column-gap-default\">\n\t\t\t\t<div class=\"elementor-row\">\n\t\t\t\t<div class=\"elementor-element elementor-element-db4d53b elementor-column elementor-col-66 elementor-top-column\" data-id=\"db4d53b\" data-element_type=\"column\">\n\t\t\t<div class=\"elementor-column-wrap  elementor-element-populated\">\n\t\t\t\t\t<div class=\"elementor-widget-wrap\">\n\t\t\t\t<div class=\"elementor-element elementor-element-81a943f elementor-widget elementor-widget-image\" data-id=\"81a943f\" data-element_type=\"widget\" data-widget_type=\"image.default\">\n\t\t\t\t<div class=\"elementor-widget-container\">\n\t\t\t\t\t<div class=\"elementor-image\">\n\t\t\t\t\t\t\t\t\t\t<img width=\"1024\" height=\"768\" src=\"https:\/\/mandulapontok.hu\/cms_mandulapontok\/wp-content\/uploads\/2022\/12\/IMG_8184-1024x768.jpg\" class=\"attachment-large size-large\" alt=\"\" loading=\"lazy\" srcset=\"https:\/\/mandulapontok.hu\/cms_mandulapontok\/wp-content\/uploads\/2022\/12\/IMG_8184-1024x768.jpg 1024w, https:\/\/mandulapontok.hu\/cms_mandulapontok\/wp-content\/uploads\/2022\/12\/IMG_8184-300x225.jpg 300w, https:\/\/mandulapontok.hu\/cms_mandulapontok\/wp-content\/uploads\/2022\/12\/IMG_8184-768x576.jpg 768w, https:\/\/mandulapontok.hu\/cms_mandulapontok\/wp-content\/uploads\/2022\/12\/IMG_8184-1536x1152.jpg 1536w, https:\/\/mandulapontok.hu\/cms_mandulapontok\/wp-content\/uploads\/2022\/12\/IMG_8184-2048x1536.jpg 2048w\" sizes=\"(max-width: 1024px) 100vw, 1024px\" \/>\t\t\t\t\t\t\t\t\t\t\t<\/div>\n\t\t\t\t<\/div>\n\t\t\t\t<\/div>\n\t\t\t\t\t\t<\/div>\n\t\t\t<\/div>\n\t\t<\/div>\n\t\t\t\t<div class=\"elementor-element elementor-element-a54ede1 elementor-column elementor-col-33 elementor-top-column\" data-id=\"a54ede1\" data-element_type=\"column\">\n\t\t\t<div class=\"elementor-column-wrap\">\n\t\t\t\t\t<div class=\"elementor-widget-wrap\">\n\t\t\t\t\t\t<\/div>\n\t\t\t<\/div>\n\t\t<\/div>\n\t\t\t\t\t\t<\/div>\n\t\t\t<\/div>\n\t\t<\/section>\n\t\t\t\t\t\t<\/div>\n\t\t\t<\/div>\n\t\t<\/div>\n\t\t","protected":false},"excerpt":{"rendered":"<p>Eml\u00e9kszem mennyire izgultunk \u00faj, miskolci cukr\u00e1szd\u00e1nk nyit\u00e1sakor. Vajon hogyan fogadtok majd benn\u00fcnket? Ugyan\u00fagy fogj\u00e1tok szeretni a Mandula s\u00fctit, ahogy Debrecenben? Hamar kider\u00fclt, hogy f\u00e9lelm\u00fcnk alaptalan volt. Meghat\u00f3 az a bizalom \u00e9s szeretet, amivel ti miskolciak fogadtatok benn\u00fcnket \u00e9s s\u00fctem\u00e9nyeinket. Eltelt k\u00e9t \u00e9v, m\u00e1ra kin\u0151tt\u00fck Szentp\u00e9teri kapu alatti kis \u00fczlet\u00fcnket, \u00edgy a napokban m\u00e1r az \u00faj [&hellip;]<\/p>\n","protected":false},"author":1,"featured_media":0,"comment_status":"closed","ping_status":"open","sticky":false,"template":"","format":"standard","meta":[],"categories":[1],"tags":[],"_links":{"self":[{"href":"https:\/\/mandulapontok.hu\/cms_mandulapontok\/index.php?rest_route=\/wp\/v2\/posts\/1660"}],"collection":[{"href":"https:\/\/mandulapontok.hu\/cms_mandulapontok\/index.php?rest_route=\/wp\/v2\/posts"}],"about":[{"href":"https:\/\/mandulapontok.hu\/cms_mandulapontok\/index.php?rest_route=\/wp\/v2\/types\/post"}],"author":[{"embeddable":true,"href":"https:\/\/mandulapontok.hu\/cms_mandulapontok\/index.php?rest_route=\/wp\/v2\/users\/1"}],"replies":[{"embeddable":true,"href":"https:\/\/mandulapontok.hu\/cms_mandulapontok\/index.php?rest_route=%2Fwp%2Fv2%2Fcomments&post=1660"}],"version-history":[{"count":11,"href":"https:\/\/mandulapontok.hu\/cms_mandulapontok\/index.php?rest_route=\/wp\/v2\/posts\/1660\/revisions"}],"predecessor-version":[{"id":1718,"href":"https:\/\/mandulapontok.hu\/cms_mandulapontok\/index.php?rest_route=\/wp\/v2\/posts\/1660\/revisions\/1718"}],"wp:attachment":[{"href":"https:\/\/mandulapontok.hu\/cms_mandulapontok\/index.php?rest_route=%2Fwp%2Fv2%2Fmedia&parent=1660"}],"wp:term":[{"taxonomy":"category","embeddable":true,"href":"https:\/\/mandulapontok.hu\/cms_mandulapontok\/index.php?rest_route=%2Fwp%2Fv2%2Fcategories&post=1660"},{"taxonomy":"post_tag","embeddable":true,"href":"https:\/\/mandulapontok.hu\/cms_mandulapontok\/index.php?rest_route=%2Fwp%2Fv2%2Ftags&post=1660"}],"curies":[{"name":"wp","href":"https:\/\/api.w.org\/{rel}","templated":true}]}}