{"id":159,"date":"2020-10-14T07:55:39","date_gmt":"2020-10-14T07:55:39","guid":{"rendered":"https:\/\/mandulapontok.hu\/cms\/?p=159"},"modified":"2020-10-14T13:39:04","modified_gmt":"2020-10-14T13:39:04","slug":"2020-orszag-tortai-a-mandula-cukraszdakban","status":"publish","type":"post","link":"https:\/\/mandulapontok.hu\/cms_mandulapontok\/?p=159","title":{"rendered":"2020 Orsz\u00e1g Tort\u00e1i a Mandula cukr\u00e1szd\u00e1kban"},"content":{"rendered":"<p>Id\u00e9n is megv\u00e1lasztott\u00e1k az \u00e9v Orsz\u00e1g Tort\u00e1j\u00e1t \u00e9s term\u00e9szetesen a cukormentes v\u00e1ltozatot is.<\/p>\n<p>A Magyar Cukr\u00e1sz Iparosok Orsz\u00e1gos Ipartest\u00fclete id\u00e9n imm\u00e1ron m\u00e1r a tizennegyedik alkalommal szervezte meg a \u201eMagyarorsz\u00e1g Tort\u00e1ja\u201d versenyt az augusztus 20-i nemzeti \u00fcnnep\u00fcnk alkalm\u00e1b\u00f3l.<\/p>\n<p>A mostani versenyre olyan recepteket v\u00e1rtak, amelyekben a kedvelt magyar \u00edzek \u00e9s gy\u00fcm\u00f6lcs\u00f6k elevenednek meg. Az Ipartest\u00fclet kiemelt figyelmet ford\u00edt arra is, hogy a nevezett tort\u00e1k csak kiv\u00e1l\u00f3 min\u0151s\u00e9g\u0171 alapanyagokb\u00f3l k\u00e9sz\u00fcljenek.<\/p>\n<p>F\u00fcredi Kriszti\u00e1n cukr\u00e1szmester alkot\u00e1sa, a CURIOSITAS, azaz K\u00edv\u00e1ncsis\u00e1g elnevez\u00e9s\u0171 torta viselheti id\u00e9n a kit\u00fcntet\u0151 c\u00edmet.<\/p>\n<p><img class=\"InsideImage\"> 5033], [], true, true)&#8221; border=&#8221;0&#8243; alt=&#8221;Orsz\u00e1g Tort\u00e1ja 2020 Curiositas &#8211; K\u00edv\u00e1ncsis\u00e1g&#8221; width=&#8221;800&#8243; height=&#8221;533&#8243; \/&gt;<\/p>\n<p>A Magyarorsz\u00e1g Cukormentes Tort\u00e1ja pedig a Szentiv\u00e1n\u00e9ji \u00c1lom lett, amelyet a J\u00d3keny\u00e9r cukr\u00e1szat alkotott meg.<\/p>\n<p><img class=\"InsideImage\"> 5034], [], true, true)&#8221; border=&#8221;0&#8243; alt=&#8221;Orsz\u00e1g Cukormentes Tort\u00e1ja 2020 Szentiv\u00e1n\u00e9ji \u00e1lom&#8221; width=&#8221;800&#8243; height=&#8221;533&#8243; \/&gt;<\/p>\n<p>Ez\u00faton is szeretn\u00e9nk gratul\u00e1lni a Koll\u00e9g\u00e1knak!<\/p>\n<p>Gyere el \u00e9s k\u00f3stold meg 2020 Orsz\u00e1g Tort\u00e1it a Mandula cukr\u00e1szd\u00e1kban augusztus 19-t\u0151l!<\/p>\n<p>Term\u00e9szetesen a Mandula cukr\u00e1szd\u00e1kban is megk\u00f3stolhatod az Orsz\u00e1g Tort\u00e1it, amelyeket augusztus 19-t\u0151l lehet \u00e1rus\u00edtani. Ebb\u0151l az alkalomb\u00f3l hirdett\u00fck meg az Orsz\u00e1g Tort\u00e1ja Bemutat\u00f3 Napokat, amire sok szeretettel v\u00e1rjuk kedves Vend\u00e9geinket!<\/p>\n","protected":false},"excerpt":{"rendered":"<p>Id\u00e9n is megv\u00e1lasztott\u00e1k az \u00e9v Orsz\u00e1g Tort\u00e1j\u00e1t \u00e9s term\u00e9szetesen a cukormentes v\u00e1ltozatot is.<\/p>\n<p>A Magyar Cukr\u00e1sz Iparosok Orsz\u00e1gos Ipartest\u00fclete id\u00e9n imm\u00e1ron m\u00e1r a tizennegyedik alkalommal szervezte meg a \u201eMagyarorsz\u00e1g Tort\u00e1ja\u201d versenyt az augusztus 20-i nemzeti \u00fcnnep\u00fcnk alkalm\u00e1b\u00f3l.<\/p>\n","protected":false},"author":1,"featured_media":476,"comment_status":"closed","ping_status":"open","sticky":false,"template":"","format":"standard","meta":[],"categories":[1],"tags":[],"_links":{"self":[{"href":"https:\/\/mandulapontok.hu\/cms_mandulapontok\/index.php?rest_route=\/wp\/v2\/posts\/159"}],"collection":[{"href":"https:\/\/mandulapontok.hu\/cms_mandulapontok\/index.php?rest_route=\/wp\/v2\/posts"}],"about":[{"href":"https:\/\/mandulapontok.hu\/cms_mandulapontok\/index.php?rest_route=\/wp\/v2\/types\/post"}],"author":[{"embeddable":true,"href":"https:\/\/mandulapontok.hu\/cms_mandulapontok\/index.php?rest_route=\/wp\/v2\/users\/1"}],"replies":[{"embeddable":true,"href":"https:\/\/mandulapontok.hu\/cms_mandulapontok\/index.php?rest_route=%2Fwp%2Fv2%2Fcomments&post=159"}],"version-history":[{"count":1,"href":"https:\/\/mandulapontok.hu\/cms_mandulapontok\/index.php?rest_route=\/wp\/v2\/posts\/159\/revisions"}],"predecessor-version":[{"id":477,"href":"https:\/\/mandulapontok.hu\/cms_mandulapontok\/index.php?rest_route=\/wp\/v2\/posts\/159\/revisions\/477"}],"wp:featuredmedia":[{"embeddable":true,"href":"https:\/\/mandulapontok.hu\/cms_mandulapontok\/index.php?rest_route=\/wp\/v2\/media\/476"}],"wp:attachment":[{"href":"https:\/\/mandulapontok.hu\/cms_mandulapontok\/index.php?rest_route=%2Fwp%2Fv2%2Fmedia&parent=159"}],"wp:term":[{"taxonomy":"category","embeddable":true,"href":"https:\/\/mandulapontok.hu\/cms_mandulapontok\/index.php?rest_route=%2Fwp%2Fv2%2Fcategories&post=159"},{"taxonomy":"post_tag","embeddable":true,"href":"https:\/\/mandulapontok.hu\/cms_mandulapontok\/index.php?rest_route=%2Fwp%2Fv2%2Ftags&post=159"}],"curies":[{"name":"wp","href":"https:\/\/api.w.org\/{rel}","templated":true}]}}